{"id":9880,"date":"2026-07-21T17:07:44","date_gmt":"2026-07-21T15:07:44","guid":{"rendered":"https:\/\/landhotel-altes-zollhaus.com\/?p=9880"},"modified":"2026-07-21T17:07:45","modified_gmt":"2026-07-21T15:07:45","slug":"wirkung-buchinger-fasten","status":"publish","type":"post","link":"https:\/\/landhotel-altes-zollhaus.com\/en\/wirkung-buchinger-fasten\/","title":{"rendered":"Wirkung des Buchinger-Fastens \u2013 Was im K\u00f6rper w\u00e4hrend des Fastens passiert"},"content":{"rendered":"<p class=\"wp-block-paragraph\"><\/p>\n\n\n\n<h1 class=\"wp-block-heading\">Wichtig zu wissen!<\/h1>\n\n\n\n<p class=\"wp-block-paragraph\">Das Buchinger-Fasten geh\u00f6rt zu den bekanntesten therapeutischen Fastenmethoden und wird seit Jahrzehnten erfolgreich angewendet. Dabei geht es nicht nur um den bewussten Verzicht auf feste Nahrung, sondern vor allem darum, dem K\u00f6rper Zeit zur Regeneration zu schenken. Viele Menschen berichten bereits nach wenigen Tagen von mehr Energie, geistiger Klarheit und einem gesteigerten Wohlbefinden.<\/p>\n\n\n\n<p class=\"wp-block-paragraph\">Doch welche Wirkung hat das Buchinger-Fasten tats\u00e4chlich? In diesem Beitrag erf\u00e4hrst du, welche Prozesse w\u00e4hrend des Fastens im K\u00f6rper ablaufen und warum das Fasten weit mehr ist als eine kurzfristige Ern\u00e4hrungsumstellung.<\/p>\n\n\n\n<h2 class=\"wp-block-heading\">Was ist das Besondere am Buchinger-Fasten?<\/h2>\n\n\n\n<p class=\"wp-block-paragraph\">Beim Buchinger-Fasten wird bewusst auf feste Nahrung verzichtet. Stattdessen erh\u00e4lt der K\u00f6rper ausreichend Fl\u00fcssigkeit in Form von Wasser, Kr\u00e4utertees, Gem\u00fcsebr\u00fche sowie kleinen Mengen verd\u00fcnnter Obst- und Gem\u00fcses\u00e4fte.<\/p>\n\n\n\n<p class=\"wp-block-paragraph\">Dadurch wird der Stoffwechsel entlastet, w\u00e4hrend der K\u00f6rper weiterhin mit wichtigen Mineralstoffen und Fl\u00fcssigkeit versorgt wird. Ziel ist nicht das Hungern, sondern eine kontrollierte und bewusste Regeneration des gesamten Organismus.<\/p>\n\n\n\n<h2 class=\"wp-block-heading\">Der K\u00f6rper stellt seinen Stoffwechsel um<\/h2>\n\n\n\n<p class=\"wp-block-paragraph\">In den ersten Fastentagen verbraucht der K\u00f6rper zun\u00e4chst die gespeicherten Kohlenhydrate (Glykogen) aus Leber und Muskulatur. Sind diese Reserven aufgebraucht, beginnt er zunehmend, Fettreserven als Energiequelle zu nutzen.<\/p>\n\n\n\n<p class=\"wp-block-paragraph\">Dabei entstehen sogenannte Ketonk\u00f6rper, die viele Fastende als Ursache f\u00fcr eine verbesserte Konzentration und geistige Klarheit beschreiben. Gleichzeitig sinkt das Hungergef\u00fchl bei vielen Menschen nach einigen Tagen deutlich.<\/p>\n\n\n\n<p class=\"wp-block-paragraph\">Diese nat\u00fcrliche Stoffwechselumstellung erm\u00f6glicht es dem K\u00f6rper, effizient auf seine Energiereserven zur\u00fcckzugreifen.<\/p>\n\n\n\n<h2 class=\"wp-block-heading\">Entlastung des Verdauungssystems<\/h2>\n\n\n\n<p class=\"wp-block-paragraph\">W\u00e4hrend des Fastens arbeitet der Verdauungstrakt deutlich weniger. Magen, Darm, Leber und Bauchspeicheldr\u00fcse erhalten eine Pause von der t\u00e4glichen Verdauungsarbeit.<\/p>\n\n\n\n<p class=\"wp-block-paragraph\">Viele Menschen empfinden dies als angenehm und berichten \u00fcber:<\/p>\n\n\n\n<ul class=\"wp-block-list\">\n<li>ein leichteres K\u00f6rpergef\u00fchl<\/li>\n\n\n\n<li>weniger V\u00f6llegef\u00fchl<\/li>\n\n\n\n<li>mehr Energie im Alltag<\/li>\n\n\n\n<li>eine verbesserte Verdauung nach dem Fasten<\/li>\n<\/ul>\n\n\n\n<p class=\"wp-block-paragraph\">Gerade Menschen mit einer sehr belastenden Ern\u00e4hrungsweise erleben diese Entlastung h\u00e4ufig als besonders wohltuend.<\/p>\n\n\n\n<h2 class=\"wp-block-heading\">Fasten und Zellreinigung<\/h2>\n\n\n\n<p class=\"wp-block-paragraph\">Ein spannendes Forschungsgebiet besch\u00e4ftigt sich mit der sogenannten <strong>Autophagie<\/strong>. Dabei handelt es sich um einen nat\u00fcrlichen Prozess, bei dem Zellen besch\u00e4digte oder nicht mehr ben\u00f6tigte Bestandteile abbauen und verwerten.<\/p>\n\n\n\n<p class=\"wp-block-paragraph\">Fasten kann diese k\u00f6rpereigenen Reinigungsprozesse f\u00f6rdern. Die Autophagie wird wissenschaftlich intensiv erforscht und gilt als einer der interessantesten biologischen Mechanismen im Zusammenhang mit Fasten.<\/p>\n\n\n\n<p class=\"wp-block-paragraph\">Dennoch ist wichtig zu wissen, dass viele Zusammenh\u00e4nge weiterhin Gegenstand aktueller Forschung sind und nicht alle gesundheitlichen Wirkungen abschlie\u00dfend belegt sind.<\/p>\n\n\n\n<h2 class=\"wp-block-heading\">Positive Wirkung auf K\u00f6rper und Geist<\/h2>\n\n\n\n<p class=\"wp-block-paragraph\">Viele Teilnehmer einer Fastenwoche berichten von positiven Ver\u00e4nderungen, die weit \u00fcber den k\u00f6rperlichen Bereich hinausgehen.<\/p>\n\n\n\n<p class=\"wp-block-paragraph\">H\u00e4ufig genannt werden:<\/p>\n\n\n\n<ul class=\"wp-block-list\">\n<li>mehr innere Ruhe<\/li>\n\n\n\n<li>bessere Konzentration<\/li>\n\n\n\n<li>gesteigertes Wohlbefinden<\/li>\n\n\n\n<li>bewussterer Umgang mit Ern\u00e4hrung<\/li>\n\n\n\n<li>h\u00f6heres Energiegef\u00fchl nach den ersten Fastentagen<\/li>\n\n\n\n<li>bessere Schlafqualit\u00e4t<\/li>\n\n\n\n<li>mehr Achtsamkeit im Alltag<\/li>\n<\/ul>\n\n\n\n<p class=\"wp-block-paragraph\">Das Fasten bietet vielen Menschen die M\u00f6glichkeit, eingefahrene Gewohnheiten zu \u00fcberdenken und neue Impulse f\u00fcr einen gesunden Lebensstil zu gewinnen.<\/p>\n\n\n\n<h2 class=\"wp-block-heading\">Gewichtsverlust w\u00e4hrend des Fastens<\/h2>\n\n\n\n<p class=\"wp-block-paragraph\">W\u00e4hrend einer Fastenwoche kommt es h\u00e4ufig zu einem Gewichtsverlust. Dieser entsteht durch den Verbrauch der Glykogenspeicher, den Verlust von Wasser sowie den Abbau von Fettreserven.<\/p>\n\n\n\n<p class=\"wp-block-paragraph\">Das Buchinger-Fasten sollte jedoch nicht als klassische Di\u00e4t verstanden werden. Vielmehr dient es dazu, den K\u00f6rper bewusst zu entlasten und einen gesunden Neustart zu erm\u00f6glichen.<\/p>\n\n\n\n<p class=\"wp-block-paragraph\">Langfristig l\u00e4sst sich das erreichte Gewicht vor allem durch eine ausgewogene Ern\u00e4hrung und regelm\u00e4\u00dfige Bewegung stabilisieren.<\/p>\n\n\n\n<h2 class=\"wp-block-heading\">Die Bedeutung von Bewegung<\/h2>\n\n\n\n<p class=\"wp-block-paragraph\">Obwohl w\u00e4hrend des Fastens keine feste Nahrung aufgenommen wird, spielt Bewegung eine wichtige Rolle.<\/p>\n\n\n\n<p class=\"wp-block-paragraph\">Empfohlen werden unter anderem:<\/p>\n\n\n\n<ul class=\"wp-block-list\">\n<li>Spazierg\u00e4nge in der Natur<\/li>\n\n\n\n<li>leichtes Wandern<\/li>\n\n\n\n<li>Yoga<\/li>\n\n\n\n<li>Atem\u00fcbungen<\/li>\n\n\n\n<li>sanftes Dehnen<\/li>\n\n\n\n<li>Relaxation exercises<\/li>\n<\/ul>\n\n\n\n<p class=\"wp-block-paragraph\">Bewegung unterst\u00fctzt den Kreislauf, regt den Stoffwechsel an und tr\u00e4gt zum allgemeinen Wohlbefinden bei.<\/p>\n\n\n\n<h2 class=\"wp-block-heading\">Fasten als Zeit f\u00fcr neue Gewohnheiten<\/h2>\n\n\n\n<p class=\"wp-block-paragraph\">Viele Menschen nutzen die Fastenzeit bewusst, um Abstand vom hektischen Alltag zu gewinnen.<\/p>\n\n\n\n<p class=\"wp-block-paragraph\">Neben der k\u00f6rperlichen Entlastung entsteht Raum f\u00fcr:<\/p>\n\n\n\n<ul class=\"wp-block-list\">\n<li>mehr Achtsamkeit<\/li>\n\n\n\n<li>bewusste Ern\u00e4hrung<\/li>\n\n\n\n<li>Stressabbau<\/li>\n\n\n\n<li>mentale Erholung<\/li>\n\n\n\n<li>neue Lebensgewohnheiten<\/li>\n<\/ul>\n\n\n\n<p class=\"wp-block-paragraph\">Oft werden gerade w\u00e4hrend einer Fastenwoche neue Routinen entwickelt, die auch nach dem Fasten langfristig bestehen bleiben.<\/p>\n\n\n\n<h2 class=\"wp-block-heading\">F\u00fcr wen eignet sich Buchinger-Fasten?<\/h2>\n\n\n\n<p class=\"wp-block-paragraph\">Grunds\u00e4tzlich eignet sich das Buchinger-Fasten f\u00fcr viele gesunde Erwachsene.<\/p>\n\n\n\n<p class=\"wp-block-paragraph\">Menschen mit Vorerkrankungen, w\u00e4hrend der Schwangerschaft oder Stillzeit sowie Personen mit Essst\u00f6rungen sollten jedoch nur nach \u00e4rztlicher R\u00fccksprache oder auf das Fasten verzichten.<\/p>\n\n\n\n<p class=\"wp-block-paragraph\">Eine professionelle Begleitung sorgt zus\u00e4tzlich f\u00fcr Sicherheit und hilft dabei, die Fastenzeit optimal zu gestalten.<\/p>\n\n\n\n<h2 class=\"wp-block-heading\">Conclusion<\/h2>\n\n\n\n<p class=\"wp-block-paragraph\">Das Buchinger-Fasten bietet weit mehr als den vor\u00fcbergehenden Verzicht auf feste Nahrung. Es kann den Stoffwechsel entlasten, die Verdauung unterst\u00fctzen und vielen Menschen zu mehr Wohlbefinden, innerer Ruhe und einem bewussteren Lebensstil verhelfen.<\/p>\n\n\n\n<p class=\"wp-block-paragraph\">Ob als Einstieg in eine ges\u00fcndere Ern\u00e4hrung, zur bewussten Auszeit vom Alltag oder als Gelegenheit, K\u00f6rper und Geist neue Energie zu schenken \u2013 eine gut begleitete Fastenwoche kann ein wertvoller Impuls f\u00fcr mehr Gesundheit und Lebensqualit\u00e4t sein.<\/p>\n\n\n\n<p class=\"wp-block-paragraph\">Wenn du dich f\u00fcr das Buchinger-Fasten interessierst oder eine Fastenwoche unter professioneller Begleitung erleben m\u00f6chtest, begleiten wir dich gerne auf deinem Weg.<\/p>\n\n\n\n<p class=\"wp-block-paragraph\">Dieser Blog wurde in Zusammenarbeit mit unseren Fasenleitern verfasst. <br><br><strong>Sie m\u00f6chten das Buchinger-Fasten selbst erleben?<\/strong><br>Entdecken Sie unsere begleiteten Fastenwochen im Alten Zollhaus und finden Sie das passende Fastenangebot mit erfahrenen Fastenleiterinnen und Fastenleitern. <strong><a href=\"https:\/\/landhotel-altes-zollhaus.com\/en\/buchinger-fasten-erzgebirge\/\">Hier gelangen Sie zu unseren Fastenangebote<\/a>n.<\/strong><\/p>\n\n\n\n<p class=\"wp-block-paragraph\"><\/p>","protected":false},"excerpt":{"rendered":"<p>Wichtig zu wissen! Das Buchinger-Fasten geh\u00f6rt zu den bekanntesten therapeutischen Fastenmethoden und wird seit Jahrzehnten erfolgreich angewendet. Dabei geht es nicht nur um den bewussten Verzicht auf feste Nahrung, sondern vor allem darum, dem K\u00f6rper Zeit zur Regeneration zu schenken. Viele Menschen berichten bereits nach wenigen Tagen von mehr Energie, geistiger Klarheit und einem gesteigerten [&hellip;]<\/p>\n","protected":false},"author":5,"featured_media":9882,"comment_status":"open","ping_status":"open","sticky":false,"template":"","format":"standard","meta":{"_acf_changed":false,"footnotes":""},"categories":[214],"tags":[216],"class_list":["post-9880","post","type-post","status-publish","format-standard","has-post-thumbnail","hentry","category-buchinger-fasten","tag-buchinger-fasten"],"acf":[],"_links":{"self":[{"href":"https:\/\/landhotel-altes-zollhaus.com\/en\/wp-json\/wp\/v2\/posts\/9880","targetHints":{"allow":["GET"]}}],"collection":[{"href":"https:\/\/landhotel-altes-zollhaus.com\/en\/wp-json\/wp\/v2\/posts"}],"about":[{"href":"https:\/\/landhotel-altes-zollhaus.com\/en\/wp-json\/wp\/v2\/types\/post"}],"author":[{"embeddable":true,"href":"https:\/\/landhotel-altes-zollhaus.com\/en\/wp-json\/wp\/v2\/users\/5"}],"replies":[{"embeddable":true,"href":"https:\/\/landhotel-altes-zollhaus.com\/en\/wp-json\/wp\/v2\/comments?post=9880"}],"version-history":[{"count":2,"href":"https:\/\/landhotel-altes-zollhaus.com\/en\/wp-json\/wp\/v2\/posts\/9880\/revisions"}],"predecessor-version":[{"id":9883,"href":"https:\/\/landhotel-altes-zollhaus.com\/en\/wp-json\/wp\/v2\/posts\/9880\/revisions\/9883"}],"wp:featuredmedia":[{"embeddable":true,"href":"https:\/\/landhotel-altes-zollhaus.com\/en\/wp-json\/wp\/v2\/media\/9882"}],"wp:attachment":[{"href":"https:\/\/landhotel-altes-zollhaus.com\/en\/wp-json\/wp\/v2\/media?parent=9880"}],"wp:term":[{"taxonomy":"category","embeddable":true,"href":"https:\/\/landhotel-altes-zollhaus.com\/en\/wp-json\/wp\/v2\/categories?post=9880"},{"taxonomy":"post_tag","embeddable":true,"href":"https:\/\/landhotel-altes-zollhaus.com\/en\/wp-json\/wp\/v2\/tags?post=9880"}],"curies":[{"name":"wp","href":"https:\/\/api.w.org\/{rel}","templated":true}]}}