{"id":9848,"date":"2026-07-21T12:21:10","date_gmt":"2026-07-21T10:21:10","guid":{"rendered":"https:\/\/landhotel-altes-zollhaus.com\/?p=9848"},"modified":"2026-07-21T15:01:47","modified_gmt":"2026-07-21T13:01:47","slug":"was-ist-buchinger-fasten","status":"publish","type":"post","link":"https:\/\/landhotel-altes-zollhaus.com\/en\/was-ist-buchinger-fasten\/","title":{"rendered":"Was ist Buchinger-Fasten? Alles Wissenswerte einfach erkl\u00e4rt"},"content":{"rendered":"<p class=\"wp-block-paragraph\"><\/p>\n\n\n\n<h2 class=\"wp-block-heading\">Hier erf\u00e4hrst du mehr \u00fcber das Buchinger-Fasten<\/h2>\n\n\n\n<p class=\"has-text-align-left wp-block-paragraph\">Was ist Buchinger-Fasten? Alles Wissenswerte einfach erkl\u00e4rt<\/p>\n\n\n\n<h2 class=\"wp-block-heading\">Eine bewusste Auszeit f\u00fcr K\u00f6rper und Geist<\/h2>\n\n\n\n<p class=\"wp-block-paragraph\">Das Buchinger-Fasten z\u00e4hlt zu den bekanntesten Formen des Heilfastens und wird seit vielen Jahrzehnten von Menschen praktiziert, die ihrem K\u00f6rper bewusst eine Pause g\u00f6nnen und dem Alltag f\u00fcr einige Tage entfliehen m\u00f6chten. Anders als bei einer klassischen Di\u00e4t steht beim Buchinger-Fasten nicht die Gewichtsabnahme im Vordergrund, sondern die bewusste Auszeit f\u00fcr K\u00f6rper und Geist sowie die Auseinandersetzung mit den eigenen Lebensgewohnheiten.<\/p>\n\n\n\n<p class=\"wp-block-paragraph\">W\u00e4hrend einer Buchinger-Fastenwoche wird f\u00fcr einen begrenzten Zeitraum auf feste Nahrung verzichtet. Stattdessen stehen Wasser, Kr\u00e4utertees, Gem\u00fcsebr\u00fche sowie kleine Mengen Obst- und Gem\u00fcsesaft auf dem Speiseplan. Erg\u00e4nzt wird das Fasten durch Bewegung, Entspannung, ausreichend Ruhe und Zeit in der Natur.<\/p>\n\n\n\n<p class=\"wp-block-paragraph\">Viele Menschen entscheiden sich f\u00fcr eine begleitete Fastenwoche, um Abstand vom hektischen Alltag zu gewinnen, neue Kraft zu sch\u00f6pfen und bewusster auf die eigenen Bed\u00fcrfnisse zu achten. Gerade die Kombination aus Fasten, Bewegung und Erholung macht diese Zeit f\u00fcr viele zu einem besonderen Erlebnis.<\/p>\n\n\n\n<h2 class=\"wp-block-heading\">Was bedeutet Buchinger-Fasten?<\/h2>\n\n\n\n<p class=\"wp-block-paragraph\">Das Buchinger-Fasten geht auf den deutschen Arzt <strong>Dr. Otto Buchinger<\/strong> zur\u00fcck, der Anfang des 20. Jahrhunderts ein ganzheitliches Fastenkonzept entwickelte. Im Mittelpunkt steht nicht allein der Verzicht auf feste Nahrung, sondern ein bewusst gestalteter Tagesablauf, der K\u00f6rper und Geist gleicherma\u00dfen ber\u00fccksichtigt.<\/p>\n\n\n\n<p class=\"wp-block-paragraph\">Zum klassischen Buchinger-Fasten geh\u00f6ren unter anderem:<\/p>\n\n\n\n<ul class=\"wp-block-list\">\n<li>ausreichend Wasser trinken<\/li>\n\n\n\n<li>unges\u00fc\u00dfte Kr\u00e4uter- und Fastentees<\/li>\n\n\n\n<li>Gem\u00fcsebr\u00fche<\/li>\n\n\n\n<li>frisch gepresste Obst- oder Gem\u00fcses\u00e4fte<\/li>\n\n\n\n<li>t\u00e4gliche Bewegung<\/li>\n\n\n\n<li>Entspannung und Erholung<\/li>\n\n\n\n<li>ausreichend Schlaf<\/li>\n\n\n\n<li>bewusste Achtsamkeit<\/li>\n<\/ul>\n\n\n\n<p class=\"wp-block-paragraph\">Dadurch unterscheidet sich das Buchinger-Fasten deutlich von kurzfristigen Di\u00e4ten oder sogenannten Crash-Di\u00e4ten. Ziel ist vielmehr, den Alltag zu entschleunigen und sich bewusst Zeit f\u00fcr sich selbst zu nehmen.<\/p>\n\n\n\n<h2 class=\"wp-block-heading\">Die Geschichte des Buchinger-Fastens<\/h2>\n\n\n\n<p class=\"wp-block-paragraph\">Der Arzt <strong>Dr. Otto Buchinger (1878\u20131966)<\/strong> litt selbst an einer schweren Erkrankung und machte w\u00e4hrend einer Fastenkur pers\u00f6nliche Erfahrungen mit dem Heilfasten. Diese Erlebnisse motivierten ihn, sich intensiv mit dem Thema auseinanderzusetzen und daraus ein ganzheitliches Fastenkonzept zu entwickeln.<\/p>\n\n\n\n<p class=\"wp-block-paragraph\">Bereits im Jahr 1920 er\u00f6ffnete er seine erste Fastenklinik. Sein Ansatz verband medizinische Erkenntnisse mit Bewegung, Ruhe, seelischem Wohlbefinden und einer bewussten Lebensf\u00fchrung. Bis heute bildet dieses Konzept die Grundlage vieler begleiteter Fastenangebote.<\/p>\n\n\n\n<p class=\"wp-block-paragraph\">Auch wenn sich einzelne Programme im Laufe der Jahre weiterentwickelt haben, orientieren sich viele Fastenleiterinnen und Fastenleiter noch immer an den Grundgedanken von Dr. Otto Buchinger.<\/p>\n\n\n\n<h2 class=\"wp-block-heading\">Wie funktioniert das Buchinger-Fasten?<\/h2>\n\n\n\n<p class=\"wp-block-paragraph\">W\u00e4hrend einer Fastenwoche verzichtet der K\u00f6rper bewusst auf feste Nahrung. Stattdessen erh\u00e4lt er Fl\u00fcssigkeit sowie kleine Mengen leicht verdaulicher N\u00e4hrstoffe \u00fcber Gem\u00fcsebr\u00fche und S\u00e4fte.<\/p>\n\n\n\n<p class=\"wp-block-paragraph\">Viele G\u00e4ste stellen sich vor ihrer ersten Fastenwoche die Frage, ob sie st\u00e4ndig Hunger versp\u00fcren werden. Tats\u00e4chlich berichten viele Fastende, dass das Hungergef\u00fchl besonders in den ersten Tagen vorhanden sein kann und anschlie\u00dfend h\u00e4ufig nachl\u00e4sst. Wie jeder Mensch das Fasten erlebt, ist jedoch individuell unterschiedlich.<\/p>\n\n\n\n<p class=\"wp-block-paragraph\">Begleitet wird das Fasten in der Regel durch einen strukturierten Tagesablauf. Dazu geh\u00f6ren beispielsweise Spazierg\u00e4nge oder Wanderungen, Entspannungs\u00fcbungen, gemeinsame Gespr\u00e4che und ausreichend Zeit zur Erholung.<\/p>\n\n\n\n<p class=\"wp-block-paragraph\">Gerade diese Kombination macht das Buchinger-Fasten f\u00fcr viele Menschen so besonders.<\/p>\n\n\n\n<h2 class=\"wp-block-heading\">Warum entscheiden sich Menschen f\u00fcr eine Fastenwoche?<\/h2>\n\n\n\n<p class=\"wp-block-paragraph\">Die Beweggr\u00fcnde sind sehr unterschiedlich. Manche m\u00f6chten sich bewusst eine Pause vom Alltag g\u00f6nnen, andere suchen Ruhe und Entspannung oder m\u00f6chten ihre Ern\u00e4hrungsgewohnheiten neu \u00fcberdenken.<\/p>\n\n\n\n<p class=\"wp-block-paragraph\">H\u00e4ufig genannte Gr\u00fcnde sind:<\/p>\n\n\n\n<ul class=\"wp-block-list\">\n<li>eine bewusste Auszeit vom Alltag<\/li>\n\n\n\n<li>mehr Zeit f\u00fcr sich selbst<\/li>\n\n\n\n<li>neue Energie sammeln<\/li>\n\n\n\n<li>die Natur genie\u00dfen<\/li>\n\n\n\n<li>Stress reduzieren<\/li>\n\n\n\n<li>einen ges\u00fcnderen Lebensstil beginnen<\/li>\n\n\n\n<li>den Alltag entschleunigen<\/li>\n\n\n\n<li>K\u00f6rper und Geist bewusst etwas Gutes tun<\/li>\n<\/ul>\n\n\n\n<p class=\"wp-block-paragraph\">Viele G\u00e4ste beschreiben eine Fastenwoche daher nicht als Verzicht, sondern als Gewinn an Zeit, Ruhe und Aufmerksamkeit f\u00fcr das Wesentliche.<\/p>\n\n\n\n<h2 class=\"wp-block-heading\">Was geh\u00f6rt zu einer klassischen Buchinger-Fastenwoche?<\/h2>\n\n\n\n<p class=\"wp-block-paragraph\">Eine begleitete Fastenwoche umfasst weit mehr als den Verzicht auf feste Nahrung. Je nach Fastenleiter und Programm k\u00f6nnen die Inhalte variieren. Typische Bestandteile sind:<\/p>\n\n\n\n<h3 class=\"wp-block-heading\">T\u00e4gliche Bewegung<\/h3>\n\n\n\n<p class=\"wp-block-paragraph\">Leichte Bewegung geh\u00f6rt bei nahezu jeder Fastenwoche dazu. Besonders beliebt sind Wanderungen, Spazierg\u00e4nge oder sanfte Gymnastik. Dabei geht es nicht um sportliche H\u00f6chstleistungen, sondern darum, den K\u00f6rper achtsam in Bewegung zu halten.<\/p>\n\n\n\n<h3 class=\"wp-block-heading\">Relaxation<\/h3>\n\n\n\n<p class=\"wp-block-paragraph\">Ruhephasen sind ebenso wichtig wie Bewegung. Viele Programme beinhalten Yoga, Meditation, Atem\u00fcbungen oder andere Entspannungstechniken. Sie helfen dabei, den Alltag loszulassen und bewusst zur Ruhe zu kommen.<\/p>\n\n\n\n<h3 class=\"wp-block-heading\">Austausch in der Gruppe<\/h3>\n\n\n\n<p class=\"wp-block-paragraph\">Wer sich f\u00fcr eine begleitete Fastenwoche entscheidet, profitiert h\u00e4ufig vom Austausch mit anderen Teilnehmerinnen und Teilnehmern. Viele G\u00e4ste empfinden die Gespr\u00e4che als bereichernd und motivierend.<\/p>\n\n\n\n<h3 class=\"wp-block-heading\">Natur erleben<\/h3>\n\n\n\n<p class=\"wp-block-paragraph\">Zeit in der Natur ist f\u00fcr viele Fasteng\u00e4ste ein wesentlicher Bestandteil der Woche. W\u00e4lder, Wiesen und frische Luft schaffen einen angenehmen Ausgleich und laden dazu ein, bewusst durchzuatmen.<\/p>\n\n\n\n<h2 class=\"wp-block-heading\">Was unterscheidet Buchinger-Fasten von einer Di\u00e4t?<\/h2>\n\n\n\n<p class=\"wp-block-paragraph\">Diese Frage wird h\u00e4ufig gestellt.<\/p>\n\n\n\n<p class=\"wp-block-paragraph\">W\u00e4hrend Di\u00e4ten meist das Ziel verfolgen, m\u00f6glichst schnell Gewicht zu verlieren, verfolgt das Buchinger-Fasten einen deutlich ganzheitlicheren Ansatz.<\/p>\n\n\n\n<p class=\"wp-block-paragraph\">Im Mittelpunkt stehen:<\/p>\n\n\n\n<ul class=\"wp-block-list\">\n<li>bewusste Erholung<\/li>\n\n\n\n<li>Achtsamkeit<\/li>\n\n\n\n<li>Entschleunigung<\/li>\n\n\n\n<li>Movement<\/li>\n\n\n\n<li>Relaxation<\/li>\n\n\n\n<li>Time for yourself<\/li>\n<\/ul>\n\n\n\n<p class=\"wp-block-paragraph\">Ein m\u00f6glicher Gewichtsverlust kann w\u00e4hrend einer Fastenwoche auftreten, sollte jedoch nicht der alleinige Beweggrund sein.<\/p>\n\n\n\n<h2 class=\"wp-block-heading\">Ist Buchinger-Fasten f\u00fcr jeden geeignet?<\/h2>\n\n\n\n<p class=\"wp-block-paragraph\">Das Buchinger-Fasten richtet sich grunds\u00e4tzlich an gesunde Erwachsene. Nicht geeignet ist es unter anderem f\u00fcr Schwangere, Stillende sowie Kinder und Jugendliche.<\/p>\n\n\n\n<p class=\"wp-block-paragraph\">Wer regelm\u00e4\u00dfig Medikamente einnimmt oder an einer Erkrankung leidet, sollte vor Beginn einer Fastenwoche \u00e4rztlichen Rat einholen. Eine pers\u00f6nliche Beratung vor der Buchung ist ebenfalls sinnvoll, um die passende Fastenform auszuw\u00e4hlen.<\/p>\n\n\n\n<h2 class=\"wp-block-heading\">Warum viele Menschen begleitet fasten<\/h2>\n\n\n\n<p class=\"wp-block-paragraph\">Grunds\u00e4tzlich ist es m\u00f6glich, zu Hause zu fasten. Viele Menschen entscheiden sich jedoch bewusst f\u00fcr eine begleitete Fastenwoche.<\/p>\n\n\n\n<p class=\"wp-block-paragraph\">Der Vorteil liegt darin, dass der Alltag f\u00fcr einige Tage in den Hintergrund r\u00fcckt. Statt Einkaufen, Kochen oder Arbeiten stehen Bewegung, Erholung und Zeit f\u00fcr sich selbst im Mittelpunkt.<\/p>\n\n\n\n<p class=\"wp-block-paragraph\">Erfahrene Fastenleiterinnen und Fastenleiter begleiten die Gruppe durch die Woche, beantworten Fragen und geben praktische Tipps. Gleichzeitig motiviert der Austausch mit anderen G\u00e4sten viele Teilnehmende zus\u00e4tzlich.<\/p>\n\n\n\n<h2 class=\"wp-block-heading\">Buchinger-Fasten im Alten Zollhaus<\/h2>\n\n\n\n<p class=\"wp-block-paragraph\">Im Alten Zollhaus verbinden wir das Buchinger-Fasten mit der Ruhe und Sch\u00f6nheit des Erzgebirges. Umgeben von W\u00e4ldern und Wiesen finden unsere G\u00e4ste ideale Bedingungen, um Abstand vom Alltag zu gewinnen und neue Energie zu tanken.<\/p>\n\n\n\n<p class=\"wp-block-paragraph\">Ein besonderer Vorteil unseres Hauses ist die gro\u00dfe Auswahl an erfahrenen Fastenleiterinnen und Fastenleitern. Jede und jeder bringt eine eigene Philosophie sowie individuelle Programmschwerpunkte mit \u2013 von Fastenwandern \u00fcber Yoga und Meditation bis hin zu Entspannungseinheiten und weiteren ganzheitlichen Angeboten.<\/p>\n\n\n\n<p class=\"wp-block-paragraph\">Nach den t\u00e4glichen Wanderungen l\u00e4dt unsere gro\u00dfz\u00fcgige Saunalandschaft mit vier verschiedenen Saunen zum Entspannen ein. Wer zus\u00e4tzlich bewusst auf digitale Ablenkung verzichten m\u00f6chte, kann unsere Detox-Box nutzen und sich f\u00fcr einige Stunden oder sogar die gesamte Fastenwoche eine wohltuende Auszeit vom Smartphone g\u00f6nnen.<\/p>\n\n\n\n<h2 class=\"wp-block-heading\">Conclusion<\/h2>\n\n\n\n<p class=\"wp-block-paragraph\">Das Buchinger-Fasten ist weit mehr als der Verzicht auf feste Nahrung. Es ist eine bewusste Entscheidung, sich Zeit f\u00fcr K\u00f6rper und Geist zu nehmen, den Alltag zu entschleunigen und neue Kraft zu sch\u00f6pfen. Die Kombination aus Bewegung, Entspannung, Natur und pers\u00f6nlicher Begleitung macht eine Fastenwoche f\u00fcr viele Menschen zu einer besonderen Erfahrung.<\/p>\n\n\n\n<p class=\"wp-block-paragraph\">Wenn Sie das Buchinger-Fasten in einer ruhigen und naturnahen Umgebung erleben m\u00f6chten, bietet Ihnen das Alte Zollhaus den passenden Rahmen \u2013 mit erfahrenen Fastenleiterinnen und Fastenleitern, abwechslungsreichen Programmen und einer Atmosph\u00e4re, in der Sie sich ganz auf Ihr Wohlbefinden konzentrieren k\u00f6nnen.<\/p>\n\n\n\n<p class=\"wp-block-paragraph\">Dieser Blog wurde in Zusammenarbeit mit unseren Fasenleitern verfasst. <br><br><strong>Sie m\u00f6chten das Buchinger-Fasten selbst erleben?<\/strong><br>Entdecken Sie unsere begleiteten Fastenwochen im Alten Zollhaus und finden Sie das passende Fastenangebot mit erfahrenen Fastenleiterinnen und Fastenleitern. <strong><a href=\"https:\/\/landhotel-altes-zollhaus.com\/en\/buchinger-fasten-erzgebirge\/\">Hier gelangen Sie zu unseren Fastenangebote<\/a>n.<\/strong><\/p>\n\n\n\n<p class=\"wp-block-paragraph\"><\/p>","protected":false},"excerpt":{"rendered":"<p>Hier erf\u00e4hrst du mehr \u00fcber das Buchinger-Fasten Was ist Buchinger-Fasten? Alles Wissenswerte einfach erkl\u00e4rt Eine bewusste Auszeit f\u00fcr K\u00f6rper und Geist Das Buchinger-Fasten z\u00e4hlt zu den bekanntesten Formen des Heilfastens und wird seit vielen Jahrzehnten von Menschen praktiziert, die ihrem K\u00f6rper bewusst eine Pause g\u00f6nnen und dem Alltag f\u00fcr einige Tage entfliehen m\u00f6chten. Anders als [&hellip;]<\/p>\n","protected":false},"author":5,"featured_media":9852,"comment_status":"open","ping_status":"open","sticky":false,"template":"","format":"standard","meta":{"_acf_changed":false,"footnotes":""},"categories":[214],"tags":[216],"class_list":["post-9848","post","type-post","status-publish","format-standard","has-post-thumbnail","hentry","category-buchinger-fasten","tag-buchinger-fasten"],"acf":[],"_links":{"self":[{"href":"https:\/\/landhotel-altes-zollhaus.com\/en\/wp-json\/wp\/v2\/posts\/9848","targetHints":{"allow":["GET"]}}],"collection":[{"href":"https:\/\/landhotel-altes-zollhaus.com\/en\/wp-json\/wp\/v2\/posts"}],"about":[{"href":"https:\/\/landhotel-altes-zollhaus.com\/en\/wp-json\/wp\/v2\/types\/post"}],"author":[{"embeddable":true,"href":"https:\/\/landhotel-altes-zollhaus.com\/en\/wp-json\/wp\/v2\/users\/5"}],"replies":[{"embeddable":true,"href":"https:\/\/landhotel-altes-zollhaus.com\/en\/wp-json\/wp\/v2\/comments?post=9848"}],"version-history":[{"count":2,"href":"https:\/\/landhotel-altes-zollhaus.com\/en\/wp-json\/wp\/v2\/posts\/9848\/revisions"}],"predecessor-version":[{"id":9861,"href":"https:\/\/landhotel-altes-zollhaus.com\/en\/wp-json\/wp\/v2\/posts\/9848\/revisions\/9861"}],"wp:featuredmedia":[{"embeddable":true,"href":"https:\/\/landhotel-altes-zollhaus.com\/en\/wp-json\/wp\/v2\/media\/9852"}],"wp:attachment":[{"href":"https:\/\/landhotel-altes-zollhaus.com\/en\/wp-json\/wp\/v2\/media?parent=9848"}],"wp:term":[{"taxonomy":"category","embeddable":true,"href":"https:\/\/landhotel-altes-zollhaus.com\/en\/wp-json\/wp\/v2\/categories?post=9848"},{"taxonomy":"post_tag","embeddable":true,"href":"https:\/\/landhotel-altes-zollhaus.com\/en\/wp-json\/wp\/v2\/tags?post=9848"}],"curies":[{"name":"wp","href":"https:\/\/api.w.org\/{rel}","templated":true}]}}